{"id":6533,"date":"2022-03-09T09:21:39","date_gmt":"2022-03-09T12:21:39","guid":{"rendered":"https:\/\/www.sucessofmto.com.br\/?p=6533"},"modified":"2022-03-09T09:21:39","modified_gmt":"2022-03-09T12:21:39","slug":"covidmascaras-deixarao-de-ser-obrigatorias-no-rio-grande-do-norte","status":"publish","type":"post","link":"https:\/\/www.sucessofmto.com.br\/sited\/covidmascaras-deixarao-de-ser-obrigatorias-no-rio-grande-do-norte\/","title":{"rendered":"COVID:M\u00e1scaras deixar\u00e3o de ser obrigat\u00f3rias no Rio Grande do Norte"},"content":{"rendered":"\n<p>O Rio Grande do Norte definiu a data em que o uso de m\u00e1scaras deixar\u00e1 de ser obrigat\u00f3rio em ambientes abertos: 16 de mar\u00e7o. A decis\u00e3o foi confirmada na manh\u00e3 desta ter\u00e7a-feira (8) pelo secret\u00e1rio de Sa\u00fade do Estado, Cipriano Maia. A libera\u00e7\u00e3o ocorre no momento em que o RN est\u00e1 com o menor \u00edndice de transmissibilidade da covid-19 desde o in\u00edcio da pandemia.\u00a0<\/p>\n\n\n\n<p>A medida foi tomada ap\u00f3s reuni\u00e3o do comit\u00ea cient\u00edfico do Rio Grande do Norte, que se reuniu na noite desta segunda (7) e discutiu a situa\u00e7\u00e3o da pandemia no Estado. O avan\u00e7o da vacina\u00e7\u00e3o contra a Covid-19 e a queda no n\u00famero de casos e \u00f3bitos nas \u00faltimas semanas foram fatores primordiais para a tomada da decis\u00e3o. No RN, at\u00e9 a manh\u00e3 desta ter\u00e7a-feira (08) eram 2.526.783 pessoas vacinadas com as duas doses, o equivalente a 79% da popula\u00e7\u00e3o potiguar. Com a primeira dose, esse n\u00famero chega a 2.900.148, o que corresponde a 91%.<br>&#8220;O comit\u00ea analisou a situa\u00e7\u00e3o epidemiol\u00f3gica do Estado, quanto ao indicador composto como a tend\u00eancia de casos e \u00f3bitos e vivemos um cen\u00e1rio bastante confort\u00e1vel em que tivemos a descida da escalada de casos. Nesta fase da pandemia chegou ao pico m\u00e1ximo de casos, com 4 mil por dia e voltamos a ter um n\u00famero de \u00f3bitos de 15 por dia. Felizmente esse cen\u00e1rio voltou a ficar sob controle. Temos tr\u00eas dias sem an\u00fancios de \u00f3bitos, diminui\u00e7\u00e3o de casos abaixo de 100 casos e acreditamos que caminhamos para um curso end\u00eamico da doen\u00e7a. A partir deste cen\u00e1rio, o comit\u00ea recomendou que a gente pode flexibilizar as medidas restritivas, n\u00e3o farmacol\u00f3gicas, para a condu\u00e7\u00e3o da pandemia nos pr\u00f3ximos meses&#8221;, disse Cipriano Maia.<br>O titular da Sesap informou que o decreto dever\u00e1 ser publicado no pr\u00f3ximo dia 15 de mar\u00e7o. Questionado sobre o porqu\u00ea da desobriga\u00e7\u00e3o do uso da m\u00e1scara n\u00e3o poder ser aplicada j\u00e1 nos pr\u00f3ximos dias, o secret\u00e1rio informou que &#8220;tivemos o Carnaval e temos esse tempo de observa\u00e7\u00e3o da movimenta\u00e7\u00e3o de casos. Mesmo n\u00e3o tendo uma previsibilidade de nova explos\u00e3o de casos, o comit\u00ea considerou mais seguro observar esse comportamento at\u00e9 dias depois do carnaval para que possamos ter mais seguran\u00e7a. Nisso, o indicativo \u00e9 de liberar as m\u00e1scaras em ambientes externos a partir do dia 16 e com isso continuaremos monitorando e a partir da tend\u00eancia que vai ser observada na sequ\u00eancia, vamos projetar num futuro pr\u00f3ximo at\u00e9 a libera\u00e7\u00e3o dos ambientes internos, o que n\u00e3o \u00e9 o caso agora&#8221;, acrescentou.<br>Na \u00faltima segunda-feira (07), o Rio de Janeiro se tornou a primeira capital brasileira a liberar a obrigatoriedade da m\u00e1scara por completo, tanto em locais abertos e fechados. Em outras capitais, como Belo Horizonte e Bras\u00edlia, j\u00e1 h\u00e1 libera\u00e7\u00e3o para a n\u00e3o utiliza\u00e7\u00e3o da m\u00e1scara ao ar livre.<br>O uso de m\u00e1scaras no Rio Grande do Norte \u00e9 obrigat\u00f3rio desde o dia 7 de maio de 2020. \u00c0 \u00e9poca, o decreto assinado pela governadora F\u00e1tima Bezerra estipulava uma multa de R$ 50 mil em caso de descumprimento. Algumas cidades potiguares j\u00e1 haviam editado decretos municipais para obrigar a utiliza\u00e7\u00e3o de m\u00e1scaras em situa\u00e7\u00f5es espec\u00edficas. Foi o caso de Natal, que desde 30 de abril obrigou o uso de m\u00e1scaras em lojas e transportes p\u00fablicos.Recomenda\u00e7\u00f5es<br>Dentre as recomenda\u00e7\u00f5es, est\u00e3o a manuten\u00e7\u00e3o do passaporte vacinal, o est\u00edmulo \u00e0 vacina\u00e7\u00e3o das crian\u00e7as de 5 a 11 anos, busca ativa da popula\u00e7\u00e3o que est\u00e1 atrasada em rela\u00e7\u00e3o \u00e0 segunda e terceira doses ou que ainda n\u00e3o foi vacinada, al\u00e9m de tornar facultativo, a partir de 16 de mar\u00e7o, o uso de m\u00e1scara de prote\u00e7\u00e3o facial em ambientes abertos, mantendo a obrigatoriedade em espa\u00e7os fechados ou espa\u00e7os abertos com grandes aglomera\u00e7\u00f5es de pessoas.\u00a0&#8220;O comit\u00ea analisou todo o cen\u00e1rio, com redu\u00e7\u00e3o de casos e da procura por leitos, que possibilita o in\u00edcio da flexibiliza\u00e7\u00e3o do uso das m\u00e1scaras. Mas devemos destacar que a exig\u00eancia do passaporte vacinal continua, que precisamos avan\u00e7ar na vacina\u00e7\u00e3o, seja de pessoas que n\u00e3o foram convencidas da import\u00e2ncia da vacina\u00e7\u00e3o, seja as pessoas que n\u00e3o procuraram os postos de sa\u00fade para tomar a terceira dose, seja os jovens, onde a gente tamb\u00e9m precisa aumentar essa cobertura&#8221;, diz o secret\u00e1rio de sa\u00fade Cipriano Maia.\u00a0<br>Durante reuni\u00e3o do comit\u00ea, pontos importantes como a seguran\u00e7a da vacina, manuten\u00e7\u00e3o dos cuidados coletivos e a vigil\u00e2ncia foram norteadores para as novas recomenda\u00e7\u00f5es.\u00a0 &#8220;Precisamos ainda estar atentos \u00e0s pessoas com sintomas respirat\u00f3rios, que tem que ficar em isolamento, se sair para situa\u00e7\u00f5es extremas, tem que usar m\u00e1scara. Isso \u00e9 responsabilidade, \u00e9 cuidado com o outro, \u00e9 cuidado com o coletivo. A gente quer que a popula\u00e7\u00e3o tenha consci\u00eancia de que essa situa\u00e7\u00e3o confort\u00e1vel precisa ser mantida. E para ser mantida, todos n\u00f3s, autoridades, profissionais de sa\u00fade e popula\u00e7\u00e3o t\u00eam que manter essa atitude respons\u00e1vel de se proteger e proteger os outros&#8221;, disse o secret\u00e1rio de sa\u00fade.\u00a0<br>As recomenda\u00e7\u00f5es dadas pelos especialistas do Sesap s\u00e3o direcionadas a impedir que o cen\u00e1rio epidemiol\u00f3gico evolua para um quadro de piora. A campanha de vacina\u00e7\u00e3o contra a covid deve intensificar a quarta dose para os imunossuprimidos, al\u00e9m de come\u00e7ar a oferec\u00ea-la a idosos a partir de 60 anos. Ainda segundo o comit\u00ea, institui\u00e7\u00f5es de educa\u00e7\u00e3o b\u00e1sica tamb\u00e9m podem estimular pais e respons\u00e1veis a vacinar seus filhos, implantando pontos de vacina\u00e7\u00e3o nas pr\u00f3prias depend\u00eancias.\u00a0<br>Outra recomenda\u00e7\u00e3o do Sesap \u00e9 a retomada de atividades remotas para todos os sintom\u00e1ticos e pessoas do grupo de risco, como idosos, gestantes, imunossuprimidos etc. A promo\u00e7\u00e3o de testagem ampliada de todos os sintom\u00e1ticos e testagem populacional estratifica tamb\u00e9m comp\u00f5em orienta\u00e7\u00f5es dos especialistas.<br><strong>Sesap vai manter retaguarda em Natal e Mossor\u00f3<\/strong>A melhora no cen\u00e1rio pand\u00eamico no Rio Grande do Norte fez com que a Secretaria do Estado da Sa\u00fade P\u00fablica do RN (Sesap-RN) iniciasse, nas \u00faltimas semanas, a revers\u00e3o dos leitos covid para leitos gerais. Os hospitais Giselda Trigueiro, em Natal, e o Rafael Fernandes, em Mossor\u00f3, ser\u00e3o a retaguarda macro regional para o atendimento \u00e0 covid e s\u00edndromes gripais.<br>\u201cTemos um planejamento regionalizado, um plano de conting\u00eancia. Vamos manter leitos de isolamento em todos os nossos servi\u00e7os para eventuais necessidades, porque mesmo num caso end\u00eamico, voc\u00ea poder\u00e1 ter pessoas que venha precisar de um suporte ventilat\u00f3rio. Os dois hospitais com voca\u00e7\u00e3o nas doen\u00e7as infecciosas e parasit\u00e1rias se manter\u00e3o como refer\u00eancia\u201d, aponta o secret\u00e1rio Cipriano Maia.<br>De acordo com o secret\u00e1rio Cipriano Maia, o refor\u00e7o na rede p\u00fablica do Estado feito em janeiro, momento em que a pandemia voltou a apresentar sinais de piores, a Sesap chegou a ter 182 leitos cr\u00edticos.\u00a0<br>\u201cDeveremos deixar os leitos do Giselda e do Rafael Fernandes, tanto cl\u00ednicos quanto cr\u00edticos, e deveremos ter cerca de 100 leitos como retaguarda nas macrorregi\u00f5es, al\u00e9m dos ,leitos de isolamento em cada hospital para assist\u00eancia em s\u00edndrome respirat\u00f3ria aguda\u201d, acrescentou.<br>Nesta ter\u00e7a-feira (08), a plataforma Regula RN, que acompanha e monitora em tempo real a situa\u00e7\u00e3o assistencial do Rio Grande do Norte com rela\u00e7\u00e3o \u00e0 covid-19, registrava ocupa\u00e7\u00e3o de 26,54% em leitos cr\u00edticos e 17,25% em leitos cl\u00ednicos.<\/p>\n\n\n\n<p><\/p>\n\n\n\n<p>tribunadonorte<\/p>\n","protected":false},"excerpt":{"rendered":"<p>O Rio Grande do Norte definiu a data em que o uso de m\u00e1scaras deixar\u00e1 de ser obrigat\u00f3rio em ambientes abertos: 16 de mar\u00e7o. A decis\u00e3o foi confirmada na manh\u00e3 desta ter\u00e7a-feira (8) pelo secret\u00e1rio de Sa\u00fade do Estado, Cipriano Maia. A libera\u00e7\u00e3o ocorre no momento em que o RN est\u00e1 com o menor \u00edndice [&hellip;]<\/p>\n","protected":false},"author":1,"featured_media":6444,"comment_status":"closed","ping_status":"closed","sticky":false,"template":"","format":"standard","meta":{"footnotes":""},"categories":[3,4,5,6],"tags":[],"class_list":["post-6533","post","type-post","status-publish","format-standard","has-post-thumbnail","hentry","category-destaque","category-locais","category-noticias","category-podcasts"],"_links":{"self":[{"href":"https:\/\/www.sucessofmto.com.br\/sited\/wp-json\/wp\/v2\/posts\/6533","targetHints":{"allow":["GET"]}}],"collection":[{"href":"https:\/\/www.sucessofmto.com.br\/sited\/wp-json\/wp\/v2\/posts"}],"about":[{"href":"https:\/\/www.sucessofmto.com.br\/sited\/wp-json\/wp\/v2\/types\/post"}],"author":[{"embeddable":true,"href":"https:\/\/www.sucessofmto.com.br\/sited\/wp-json\/wp\/v2\/users\/1"}],"replies":[{"embeddable":true,"href":"https:\/\/www.sucessofmto.com.br\/sited\/wp-json\/wp\/v2\/comments?post=6533"}],"version-history":[{"count":0,"href":"https:\/\/www.sucessofmto.com.br\/sited\/wp-json\/wp\/v2\/posts\/6533\/revisions"}],"wp:featuredmedia":[{"embeddable":true,"href":"https:\/\/www.sucessofmto.com.br\/sited\/wp-json\/"}],"wp:attachment":[{"href":"https:\/\/www.sucessofmto.com.br\/sited\/wp-json\/wp\/v2\/media?parent=6533"}],"wp:term":[{"taxonomy":"category","embeddable":true,"href":"https:\/\/www.sucessofmto.com.br\/sited\/wp-json\/wp\/v2\/categories?post=6533"},{"taxonomy":"post_tag","embeddable":true,"href":"https:\/\/www.sucessofmto.com.br\/sited\/wp-json\/wp\/v2\/tags?post=6533"}],"curies":[{"name":"wp","href":"https:\/\/api.w.org\/{rel}","templated":true}]}}