{"id":6619,"date":"2022-04-27T09:09:55","date_gmt":"2022-04-27T12:09:55","guid":{"rendered":"https:\/\/www.sucessofmto.com.br\/?p=6619"},"modified":"2022-04-27T09:09:55","modified_gmt":"2022-04-27T12:09:55","slug":"camara-aprova-despacho-gratuito-de-bagagens-de-ate-23-kg-em-voos-nacionais","status":"publish","type":"post","link":"https:\/\/www.sucessofmto.com.br\/sited\/camara-aprova-despacho-gratuito-de-bagagens-de-ate-23-kg-em-voos-nacionais\/","title":{"rendered":"C\u00e2mara aprova despacho gratuito de bagagens de at\u00e9 23 kg em voos nacionais"},"content":{"rendered":"\n<p>O plen\u00e1rio da C\u00e2mara aprovou nessa ter\u00e7a-feira (26) a Medida Provis\u00f3ria (MP) que flexibiliza regras para o setor a\u00e9reo, conhecida como \u201cMP do Voo Simples\u201d.<\/p>\n\n\n\n<p>No texto, foi inclu\u00eddo um dispositivo que autoriza a volta do despacho gratuito de bagagens de at\u00e9 23 quilos em voos nacionais e de at\u00e9 30 quilos em viagens internacionais. A proposta segue para an\u00e1lise do Senado Federal, que tem at\u00e9 1\u00ba de junho para votar.<\/p>\n\n\n\n<p>A isen\u00e7\u00e3o de cobran\u00e7a de bagagens foi aprovada por meio de um destaque apresentado pela deputada Perp\u00e9tua Almeida (PCdoB-AC), cuja vota\u00e7\u00e3o foi de 273 votos a 148. O texto-base da medida enviada pelo governo, por sua vez, foi de 294 votos favor\u00e1veis contra 90.<\/p>\n\n\n\n<p>A medida ainda autoriza a constru\u00e7\u00e3o de aer\u00f3dromos sem autoriza\u00e7\u00e3o pr\u00e9via, retira do escopo de compet\u00eancia da Ag\u00eancia Nacional de Avia\u00e7\u00e3o Civil (Anac) a outorga de servi\u00e7os a\u00e9reos e revoga a obrigatoriedade de revalida\u00e7\u00e3o de outorgas a cada cinco anos.<\/p>\n\n\n\n<p><strong>CNN Brasil<\/strong><\/p>\n\n\n\n<p>FOTO : REPRODU\u00c7\u00c3O <\/p>\n","protected":false},"excerpt":{"rendered":"<p>O plen\u00e1rio da C\u00e2mara aprovou nessa ter\u00e7a-feira (26) a Medida Provis\u00f3ria (MP) que flexibiliza regras para o setor a\u00e9reo, conhecida como \u201cMP do Voo Simples\u201d. No texto, foi inclu\u00eddo um dispositivo que autoriza a volta do despacho gratuito de bagagens de at\u00e9 23 quilos em voos nacionais e de at\u00e9 30 quilos em viagens internacionais. [&hellip;]<\/p>\n","protected":false},"author":1,"featured_media":6620,"comment_status":"closed","ping_status":"closed","sticky":false,"template":"","format":"standard","meta":{"footnotes":""},"categories":[1],"tags":[],"class_list":["post-6619","post","type-post","status-publish","format-standard","has-post-thumbnail","hentry","category-uncategorized"],"_links":{"self":[{"href":"https:\/\/www.sucessofmto.com.br\/sited\/wp-json\/wp\/v2\/posts\/6619","targetHints":{"allow":["GET"]}}],"collection":[{"href":"https:\/\/www.sucessofmto.com.br\/sited\/wp-json\/wp\/v2\/posts"}],"about":[{"href":"https:\/\/www.sucessofmto.com.br\/sited\/wp-json\/wp\/v2\/types\/post"}],"author":[{"embeddable":true,"href":"https:\/\/www.sucessofmto.com.br\/sited\/wp-json\/wp\/v2\/users\/1"}],"replies":[{"embeddable":true,"href":"https:\/\/www.sucessofmto.com.br\/sited\/wp-json\/wp\/v2\/comments?post=6619"}],"version-history":[{"count":0,"href":"https:\/\/www.sucessofmto.com.br\/sited\/wp-json\/wp\/v2\/posts\/6619\/revisions"}],"wp:featuredmedia":[{"embeddable":true,"href":"https:\/\/www.sucessofmto.com.br\/sited\/wp-json\/"}],"wp:attachment":[{"href":"https:\/\/www.sucessofmto.com.br\/sited\/wp-json\/wp\/v2\/media?parent=6619"}],"wp:term":[{"taxonomy":"category","embeddable":true,"href":"https:\/\/www.sucessofmto.com.br\/sited\/wp-json\/wp\/v2\/categories?post=6619"},{"taxonomy":"post_tag","embeddable":true,"href":"https:\/\/www.sucessofmto.com.br\/sited\/wp-json\/wp\/v2\/tags?post=6619"}],"curies":[{"name":"wp","href":"https:\/\/api.w.org\/{rel}","templated":true}]}}